{"id":4066,"date":"2013-01-16T02:00:49","date_gmt":"2013-01-16T07:00:49","guid":{"rendered":"http:\/\/www.plongeeenapnee.com\/?p=4066"},"modified":"2013-01-16T02:26:37","modified_gmt":"2013-01-16T07:26:37","slug":"guardalavaca-en-attendant-la-mer-rouge","status":"publish","type":"post","link":"https:\/\/www.plongeeenapnee.com\/?p=4066","title":{"rendered":"Guardalavaca \u2026en attendant la Mer Rouge"},"content":{"rendered":"<p style=\"text-align: justify\">Je viens de r\u00e9server mes deux prochains voyages de plong\u00e9es.<\/p>\n<p style=\"text-align: justify\">Diane, mon beau-p\u00e8re et moi, partons plonger au <strong>Club Amigo Guardalavaca<\/strong> du 2 au 9 mars prochain. Nous partirons avec Sunwing de Toronto.<\/p>\n<p style=\"text-align: justify\">Pour l\u2019\u00c9gypte, c\u2019est \u00e9galement officiel.<br \/>\nNous partons du 16 au 27 juillet 2013 avec Royal Jordanian de Paris \u00e0 <strong>Sharm El Sheikh<\/strong> via Amman. Notre s\u00e9jour se fera \u00e0 l\u2019<strong>Iberotel Club Fanara<\/strong>\u00a0situ\u00e9 sur une falaise de Ras Umm Sid, o\u00f9 s\u2019y trouve un beau r\u00e9cif\u2026c\u2019est \u00e0 suivre!!!<\/p>\n<p style=\"text-align: center\">\u00a0<a title=\"\" href=\"http:\/\/www.plongeeenapnee.com\/wp-content\/uploads\/2013\/01\/RasUmSid2.jpg\" target=\"_blank\" data-rel=\"lightbox-gallery-bmQspi4s\" data-rl_title=\"\" data-rl_caption=\"\"><img loading=\"lazy\" decoding=\"async\" class=\"aligncenter size-medium wp-image-4078\" style=\"border: 2px solid blue\" src=\"http:\/\/www.plongeeenapnee.com\/wp-content\/uploads\/2013\/01\/RasUmSid2-300x157.jpg\" alt=\"\" width=\"300\" height=\"157\" srcset=\"https:\/\/www.plongeeenapnee.com\/wp-content\/uploads\/2013\/01\/RasUmSid2-300x157.jpg 300w, https:\/\/www.plongeeenapnee.com\/wp-content\/uploads\/2013\/01\/RasUmSid2-1024x539.jpg 1024w, https:\/\/www.plongeeenapnee.com\/wp-content\/uploads\/2013\/01\/RasUmSid2.jpg 1920w\" sizes=\"auto, (max-width: 300px) 100vw, 300px\" \/><\/a><\/p>\n","protected":false},"excerpt":{"rendered":"<p>Je viens de r\u00e9server mes deux prochains voyages de plong\u00e9es. Diane, mon beau-p\u00e8re et moi, partons plonger au Club Amigo Guardalavaca du 2 au 9 mars prochain. Nous partirons avec Sunwing de Toronto. Pour l\u2019\u00c9gypte, c\u2019est \u00e9galement officiel. Nous partons du 16 au 27 juillet 2013 avec Royal Jordanian de Paris \u00e0 Sharm El Sheikh [&hellip;]<\/p>\n","protected":false},"author":6,"featured_media":0,"comment_status":"open","ping_status":"open","sticky":false,"template":"","format":"standard","meta":{"footnotes":"","_links_to":"","_links_to_target":""},"categories":[7],"tags":[491,496,492,77],"class_list":["post-4066","post","type-post","status-publish","format-standard","hentry","category-au-quotidien","tag-egypte","tag-ras-um-sid","tag-sharm-el-sheikh","tag-snorkeling","post-preview"],"_links":{"self":[{"href":"https:\/\/www.plongeeenapnee.com\/index.php?rest_route=\/wp\/v2\/posts\/4066","targetHints":{"allow":["GET"]}}],"collection":[{"href":"https:\/\/www.plongeeenapnee.com\/index.php?rest_route=\/wp\/v2\/posts"}],"about":[{"href":"https:\/\/www.plongeeenapnee.com\/index.php?rest_route=\/wp\/v2\/types\/post"}],"author":[{"embeddable":true,"href":"https:\/\/www.plongeeenapnee.com\/index.php?rest_route=\/wp\/v2\/users\/6"}],"replies":[{"embeddable":true,"href":"https:\/\/www.plongeeenapnee.com\/index.php?rest_route=%2Fwp%2Fv2%2Fcomments&post=4066"}],"version-history":[{"count":0,"href":"https:\/\/www.plongeeenapnee.com\/index.php?rest_route=\/wp\/v2\/posts\/4066\/revisions"}],"wp:attachment":[{"href":"https:\/\/www.plongeeenapnee.com\/index.php?rest_route=%2Fwp%2Fv2%2Fmedia&parent=4066"}],"wp:term":[{"taxonomy":"category","embeddable":true,"href":"https:\/\/www.plongeeenapnee.com\/index.php?rest_route=%2Fwp%2Fv2%2Fcategories&post=4066"},{"taxonomy":"post_tag","embeddable":true,"href":"https:\/\/www.plongeeenapnee.com\/index.php?rest_route=%2Fwp%2Fv2%2Ftags&post=4066"}],"curies":[{"name":"wp","href":"https:\/\/api.w.org\/{rel}","templated":true}]}}